{"links": [{"rel": "self", "href": "https://data.mulhouse-alsace.fr/api/v2/catalog/datasets/m2a_base-sirene-v3-consolidee-insee"}, {"rel": "datasets", "href": "https://data.mulhouse-alsace.fr/api/v2/catalog/datasets"}, {"rel": "records", "href": "https://data.mulhouse-alsace.fr/api/v2/catalog/datasets/m2a_base-sirene-v3-consolidee-insee/records"}, {"rel": "exports", "href": "https://data.mulhouse-alsace.fr/api/v2/catalog/datasets/m2a_base-sirene-v3-consolidee-insee/exports"}, {"rel": "facets", "href": "https://data.mulhouse-alsace.fr/api/v2/catalog/datasets/m2a_base-sirene-v3-consolidee-insee/facets"}, {"rel": "reuses", "href": "https://data.mulhouse-alsace.fr/api/v2/catalog/datasets/m2a_base-sirene-v3-consolidee-insee/reuses"}], "dataset": {"visibility": "domain", "dataset_id": "m2a_base-sirene-v3-consolidee-insee", "dataset_uid": "da_ewyuqc", "has_records": true, "features": ["analyze", "timeserie", "geo"], "attachments": [], "alternative_exports": [], "data_visible": true, "fields": [{"name": "siren", "annotations": {"facetsort": "-count"}, "label": "SIREN", "type": "text", "description": null}, {"name": "nic", "label": "NIC", "type": "text", "annotations": {}, "description": null}, {"name": "siret", "annotations": {"id": true, "facetsort": "-count"}, "label": "SIRET", "type": "text", "description": null}, {"name": "statutdiffusionetablissement", "annotations": {"facet": true}, "label": "Statut de diffusion de l'\u00e9tablissement", "type": "text", "description": null}, {"name": "datecreationetablissement", "label": "Date de cr\u00e9ation de l'\u00e9tablissement", "type": "date", "annotations": {}, "description": null}, {"name": "trancheeffectifsetablissement", "annotations": {"facet": true, "facetsort": "alphanum"}, "label": "Tranche de l'effectif de l'\u00e9tablissement", "type": "text", "description": null}, {"name": "trancheeffectifsetablissementtriable", "description": "remplacement de NN par -1", "annotations": {"facetsort": "-count"}, "label": "Tranche de l'effectif de l'\u00e9tablissement triable", "type": "int"}, {"name": "anneeeffectifsetablissement", "description": "C\u2019est l\u2019ann\u00e9e de validit\u00e9 correspondant \u00e0 la tranche d\u2019effectif salari\u00e9 de l\u2019\u00e9tablissement diffus\u00e9e.\nPour le service d\u2019interrogation ws/siret seule la derni\u00e8re ann\u00e9e de mise \u00e0 jour de l\u2019effectif salari\u00e9 de l\u2019\u00e9tablissement est donn\u00e9e si celle-ci est inf\u00e9rieure ou \u00e9gale \u00e0 l\u2019ann\u00e9e d\u2019interrogation-3. Ainsi une interrogation en 2018 ne renverra la derni\u00e8re ann\u00e9e de mise \u00e0 jour de l\u2019effectif que si cette ann\u00e9e est sup\u00e9rieure ou \u00e9gale \u00e0 2015.", "label": "Ann\u00e9e de la tranche d'effectif de l'\u00e9tablissement", "type": "text", "annotations": {}}, {"name": "activiteprincipaleregistremetiersetablissement", "description": "Cette variable d\u00e9signe le code de l'activit\u00e9 exerc\u00e9e par l'artisan inscrit au registre des m\u00e9tiers. Longueur 6\nLien vers la nomenclature associ\u00e9e : Nomenclature d'Activit\u00e9s Fran\u00e7aise de l'Artisanat (NAFA) => https://www.entreprises.gouv.fr/secteurs-professionnels/artisanat/la-nafa\n\nVariable renseign\u00e9e pour environ 1 700 000 \u00e9tablissements.", "label": "Activit\u00e9 principale de l'\u00e9tablissement", "type": "text", "annotations": {}}, {"name": "datederniertraitementetablissement", "description": "Date du dernier traitement de l\u2019\u00e9tablissement dans le r\u00e9pertoire Sirene.\nCette date peut concerner des mises \u00e0 jour de donn\u00e9es du r\u00e9pertoire Sirene qui ne sont pas diffus\u00e9es par API Sirene.\nDe la forme AAAA-MM-JJ\nCette variable peut \u00eatre \u00e0 null : 6 000 000 \u00e9tablissements dont 4 000 000 concernant des unit\u00e9s purg\u00e9es.\n", "annotations": {"facetsort": "-count"}, "label": "Date de la derni\u00e8re mise \u00e0 jour de l'\u00e9tablissement", "type": "datetime"}, {"name": "etablissementsiege", "description": "Indicatrice pr\u00e9cisant si l'\u00e9tablissement est le si\u00e8ge ou non de l'unit\u00e9 l\u00e9gale. valeurs possibles : true ou false, variable calcul\u00e9e toujours renseign\u00e9e.", "annotations": {"facet": true, "facetsort": "alphanum"}, "label": "Etablissement si\u00e8ge", "type": "text"}, {"name": "nombreperiodesetablissement", "label": "Nombre de periodes de l'\u00e9tablissement", "type": "int", "annotations": {}, "description": null}, {"name": "complementadresseetablissement", "description": "Compl\u00e9ment d'adresse de l'\u00e9tablissement, variable \u00e9l\u00e9mentaire constitutive de l'adresse.\nLongueur : 38\nFormat alphanum\u00e9rique\nC'est une variable facultative qui pr\u00e9cise l'adresse avec :\n\u2022 une indication d'\u00e9tage, d'appartement, de porte, de N\u00b0 de bo\u00eete \u00e0 lettres,\n\u2022 la d\u00e9signation d'un b\u00e2timent, d'un escalier, d'une entr\u00e9e, d'un bloc,\n\u2022 le nom d'une r\u00e9sidence, d'un ensemble...\n", "label": "Compl\u00e9ment d'adresse de l'\u00e9tablissement", "type": "text", "annotations": {}}, {"name": "numerovoieetablissement", "description": "Num\u00e9ro de voie, variable \u00e9l\u00e9mentaire constitutive de l'adresse.\n", "annotations": {"facetsort": "-count"}, "label": "Num\u00e9ro de voie de l'\u00e9tablissement", "type": "int"}, {"name": "indicerepetitionetablissement", "description": "Indice de r\u00e9p\u00e9tition dans la voie, variable \u00e9l\u00e9mentaire constitutive de l'adresse. Cette variable doit \u00eatre associ\u00e9e \u00e0 la variable ", "label": "Indice de r\u00e9p\u00e9tition de l'\u00e9tablissement", "type": "text", "annotations": {}}, {"name": "typevoieetablissement", "label": "Type de voie de l'\u00e9tablissement", "type": "text", "annotations": {}, "description": null}, {"name": "libellevoieetablissement", "label": "Libell\u00e9 de la voie de l'\u00e9tablissement", "type": "text", "annotations": {}, "description": null}, {"name": "codepostaletablissement", "annotations": {"facetsort": "-count"}, "label": "Code postal de l'\u00e9tablissement", "type": "text", "description": null}, {"name": "libellecommuneetablissement", "annotations": {"facet": true, "facetsort": "alphanum", "disjunctive": true, "sortable": true}, "label": "Commune de l'\u00e9tablissement", "type": "text", "description": null}, {"name": "libellecommuneetrangeretablissement", "description": "Cette variable est un compl\u00e9ment d'adresse pour les \u00e9tablissements situ\u00e9s sur le territoire \u00e9tranger (codeCommuneEtablissement commence par 99).\n\nRemarque: Quelques cas d'\u00e9tablissements pour lesquels cette variable est non nulle avec codeCommuneEtablissement ne commen\u00e7ant pas par 99.", "label": "Libell\u00e9 de la commune de l'\u00e9tablissement \u00e0 l'\u00e9tranger", "type": "text", "annotations": {}}, {"name": "distributionspecialeetablissement", "description": "Cette variable reprend les \u00e9l\u00e9ments particuliers qui accompagnent une adresse de distribution sp\u00e9ciale.\nvariable facultative constitutive de l'adresse Exemples de d\u00e9but de modalit\u00e9s attendues :\nBP\nBo\u00eete postale\nTSA\nTri par service \u00e0 l'arriv\u00e9e\nLP\nLocal postal\nRP\nR\u00e9f\u00e9rence postale\nSP\nSecteur postal\nCP\nCase postale\nCE\nCase entreprise\nCS\nCourse sp\u00e9ciale\nPOSTE RESTANTE\nCEDEX\nCourrier d'entreprise \u00e0 distribution exceptionnelle\nCIDEX\nCourrier individuel \u00e0 distribution exceptionnelle\nCASE\nMots utilis\u00e9s pour la distribution interne du courrier \u00e0 LA DEFENSE\nNIVEAU\nCASIER\nUtilis\u00e9 pour le centre commercial des Quatre Temps\nSILIC\nUtilis\u00e9s sur le site de Rungis\nSENIA\nMAREE\nFLEURS...", "label": "Distribution sp\u00e9ciale de l'\u00e9tablissement", "type": "text", "annotations": {}}, {"name": "codecommuneetablissement", "description": "Code INSEE ", "annotations": {"facetsort": "-count"}, "label": "Code commune de l'\u00e9tablissement", "type": "text"}, {"name": "codecedexetablissement", "annotations": {"facetsort": "-count"}, "label": "Code cedex de l'\u00e9tablissement", "type": "text", "description": null}, {"name": "libellecedexetablissement", "label": "Libell\u00e9 cedex de l'\u00e9tablissement", "type": "text", "annotations": {}, "description": null}, {"name": "codepaysetrangeretablissement", "description": "Cette variable donne le code du pays de localisation de l'\u00e9tablissement pour les adresses \u00e0 l'\u00e9tranger.\n\ncodePaysEtrangerEtablissement commence toujours par 99 s'il est renseign\u00e9. Les 3 caract\u00e8res suivants sont le code du pays \u00e9tranger.\n \n \nNomenclature correspondante :\ncodification des pays: https://www.insee.fr/fr/information/2028273", "label": "Code du pays de l'\u00e9tablissement \u00e9tranger", "type": "text", "annotations": {}}, {"name": "libellepaysetrangeretablissement", "label": "Libell\u00e9 du pays de l'\u00e9tablissement \u00e9tranger", "type": "text", "annotations": {}, "description": null}, {"name": "complementadresse2etablissement", "label": "Compl\u00e9ment d'adresse de l'\u00e9tablissement 2", "type": "text", "annotations": {}, "description": null}, {"name": "numerovoie2etablissement", "annotations": {"facetsort": "-count"}, "label": "Numero de voie de l'\u00e9tablissement 2", "type": "int", "description": null}, {"name": "indicerepetition2etablissement", "label": "Indice de r\u00e9p\u00e9tition de l'\u00e9tablissement 2", "type": "text", "annotations": {}, "description": null}, {"name": "typevoie2etablissement", "label": "Type de voie de l'\u00e9tablissement 2", "type": "text", "annotations": {}, "description": null}, {"name": "libellevoie2etablissement", "label": "Libell\u00e9 de la voie de l'\u00e9tablissement 2", "type": "text", "annotations": {}, "description": null}, {"name": "codepostal2etablissement", "annotations": {"facetsort": "-count"}, "label": "Code postal de l'\u00e9tablissement 2", "type": "text", "description": null}, {"name": "libellecommune2etablissement", "label": "Libell\u00e9 de la commune de l'\u00e9tablissement 2", "type": "text", "annotations": {}, "description": null}, {"name": "libellecommuneetranger2etablissement", "label": "Libell\u00e9 de la commune de l'\u00e9tablissement \u00e9tranger 2", "type": "text", "annotations": {}, "description": null}, {"name": "distributionspeciale2etablissement", "label": "Distribution sp\u00e9ciale de l'\u00e9tablissement 2", "type": "text", "annotations": {}, "description": null}, {"name": "codecommune2etablissement", "annotations": {"facetsort": "-count"}, "label": "Code de la commune de l'\u00e9tablissement 2", "type": "text", "description": null}, {"name": "codecedex2etablissement", "label": "Code cedex de l'\u00e9tablissement 2", "type": "text", "annotations": {}, "description": null}, {"name": "libellecedex2etablissement", "label": "Libell\u00e9 cedex de l'\u00e9tablissement 2", "type": "text", "annotations": {}, "description": null}, {"name": "codepaysetranger2etablissement", "annotations": {"facetsort": "-count"}, "label": "Code pays de l'\u00e9tablissement", "type": "text", "description": null}, {"name": "libellepaysetranger2etablissement", "label": "Libell\u00e9 du pays de l'\u00e9tablissement \u00e9tranger", "type": "text", "annotations": {}, "description": null}, {"name": "datedebutetablissement", "description": "Date de d\u00e9but de la p\u00e9riode au cours de laquelle toutes les variables historis\u00e9es de l'\u00e9tablissement restent inchang\u00e9es.\nDe la forme AAAA-MM-JJ\nLa date 1900-01-01 signifie date non d\u00e9termin\u00e9e.\ndateDebut peut-\u00eatre vide uniquement pour les \u00e9tablissements des unit\u00e9s purg\u00e9es (cf variable unitePurgeeUniteLegale).\nLa date de d\u00e9but de la p\u00e9riode la plus ancienne ne correspond pas obligatoirement \u00e0 la date de cr\u00e9ation de l'\u00e9tablissement, certaines variables historis\u00e9es pouvant poss\u00e9der des dates de d\u00e9but soit au 1900-01-01 soit ant\u00e9rieures \u00e0 la date de cr\u00e9ation.", "label": "Date du d\u00e9but de la p\u00e9riode de l'\u00e9tablissement", "type": "date", "annotations": {}}, {"name": "etatadministratifetablissement", "description": "Lors de son inscription au r\u00e9pertoire, un \u00e9tablissement est, sauf exception, \u00e0 l\u2019\u00e9tat \u00ab Ouvert \u00bb.\nLe passage \u00e0 l\u2019\u00e9tat \u00ab Ferm\u00e9 \u00bb d\u00e9coule de la prise en compte d\u2019une d\u00e9claration de fermeture. \u00c0 noter qu\u2019un \u00e9tablissement ferm\u00e9 peut \u00eatre rouvert.\nEn r\u00e8gle g\u00e9n\u00e9rale, la premi\u00e8re p\u00e9riode d\u2019historique d\u2019un \u00e9tablissement correspond \u00e0 un etatAdministratifUniteLegale \u00e9gal \u00e0 \u00ab Actif \u00bb.\nToutefois, dans cette version, l'\u00e9tat administratif peut \u00eatre \u00e0 null (premi\u00e8re date de d\u00e9but de l'\u00e9tat post\u00e9rieure \u00e0 la premi\u00e8re date de d\u00e9but d'une autre variable historis\u00e9e).\n", "annotations": {"facet": true, "facetsort": "alphanum", "disjunctive": true, "sortable": true}, "label": "Etat administratif de l'\u00e9tablissement", "type": "text"}, {"name": "enseigne1etablissement", "description": "poss\u00e9der une \u00e0 plusieurs enseignes ou aucune.\nL'analyse des enseignes et de son d\u00e9coupage en 3 variables dans Sirene montre deux cas possibles :\nSoit les 3 champs concernent 3 enseignes bien distinctes, soit ces trois champs correspondent au d\u00e9coupage de l'enseigne qui est d\u00e9clar\u00e9e dans la liasse (sur un seul champ) avec une continuit\u00e9 des trois champs .", "label": "Enseigne de l'\u00e9tablissement 1", "type": "text", "annotations": {}}, {"name": "enseigne2etablissement", "label": "Enseigne de l'\u00e9tablissement 2", "type": "text", "annotations": {}, "description": null}, {"name": "enseigne3etablissement", "label": "Enseigne de l'\u00e9tablissement 3", "type": "text", "annotations": {}, "description": null}, {"name": "denominationusuelleetablissement", "description": "C'est le nom sous lequel l'\u00e9tablissement est connu du grand public. Cet \u00e9l\u00e9ment d'identification de l'\u00e9tablissement a \u00e9t\u00e9 enregistr\u00e9 au niveau \u00e9tablissement depuis l'application de la norme d'\u00e9changes CFE de 2008. Avant la norme 2008 la d\u00e9nomination usuelle est enregistr\u00e9e au niveau de l'unit\u00e9 l\u00e9gale sur trois champs.\n", "label": "D\u00e9nomination usuelle de l'\u00e9tablissement", "type": "text", "annotations": {}}, {"name": "activiteprincipaleetablissement", "description": "Lors de son inscription au r\u00e9pertoire, l\u2019Insee attribue \u00e0 tout \u00e9tablissement un code dit \u00ab APET \u00bb sur la base de la description de l\u2019activit\u00e9 principale faite par le d\u00e9clarant.\nCe code est modifiable au cours de la vie de l\u2019\u00e9tablissement en fonction des d\u00e9clarations de l\u2019exploitant.\nPour chaque \u00e9tablissement, il existe \u00e0 un instant donn\u00e9 un seul code \u00ab APET \u00bb. Il est attribu\u00e9 selon la nomenclature en vigueur.\nLa nomenclature en vigueur \u00e0 la date de la mise en place d\u2019API-Sirene est la Naf R\u00e9v2 et ce depuis le 01 Janvier 2008. Chaque code comporte 4 chiffres et une lettre.\nAu moment de la d\u00e9claration de l\u2019entreprise, il peut arriver que l\u2019INSEE ne soit pas en mesure d\u2019attribuer le bon code APE : la modalit\u00e9 0000Z peut alors \u00eatre affect\u00e9e provisoirement.\n\nHistorique\nLe code APE est historis\u00e9 depuis le 01/01/2005.\nLa r\u00e8gle d\u2019historisation des donn\u00e9es d\u2019activit\u00e9 est la suivante :\n\u2022 Pour les \u00e9tablissements avant 31/12/2014, seul le dernier code activit\u00e9 connu figure, dans la\nnomenclature en vigueur \u00e0 la date de fermeture.\n\u2022 Pour les \u00e9tablissements apr\u00e8s le 01/01/2005 et ferm\u00e9s avant le 31/12/2007, l\u2019historique des codes\nattribu\u00e9s sur la p\u00e9riode est disponible.\n\u2022 Pour les \u00e9tablissements ouverts apr\u00e8s le 01/01/2005 et toujours ouverts le 01/01/2008, l\u2019historique\nint\u00e8gre le changement de nomenclature.\n\u2022 Pour les \u00e9tablissements ouverts apr\u00e8s le 01/01/2008, l\u2019historique comprend les modifications\napport\u00e9es au cours de la vie de l\u2019\u00e9tablissement. Lien vers les nomenclatures d'activit\u00e9s fran\u00e7aise\n\nDepuis le 1er janvier 2015\nNAF r\u00e9v.2.: https://www.insee.fr/fr/information/2120875\n\nDu 1er janvier 2008 au 31 d\u00e9cembre 2014\nNAF r\u00e9v.2, 2008: https://www.insee.fr/fr/information/2120875\n \nDu 1er janvier 2003 au 31 d\u00e9cembre 2007\nNAF r\u00e9v 1, 2003: https://www.insee.fr/fr/information/2408180\n \nDu 1er janvier 1993 au 31 d\u00e9cembre 2002\nNAF 1993: https://www.insee.fr/fr/information/2408178\n \nDu 1er janvier 1973 au 31 d\u00e9cembre 1992\nNAP: https://www.insee.fr/fr/information/3582824\n \nL'APE peut \u00eatre \u00e0 null (cas des unit\u00e9s purg\u00e9es, premi\u00e8re date de d\u00e9but de l'APE post\u00e9rieure \u00e0 la premi\u00e8re date de d\u00e9but d'une autre variable historis\u00e9e)\n", "annotations": {"facet": true}, "label": "Activit\u00e9 principale de l'\u00e9tablissement", "type": "text"}, {"name": "nomenclatureactiviteprincipaleetablissement", "annotations": {"facet": true, "facetsort": "alphanum"}, "label": "Nomenclature principale de l'\u00e9tablissement", "type": "text", "description": null}, {"name": "caractereemployeuretablissement", "description": "Lors de sa formalit\u00e9 d\u2019ouverture, le d\u00e9clarant indique si l\u2019\u00e9tablissement aura ou non des employ\u00e9s. Par la suite, le d\u00e9clarant peut \u00e9galement faire des d\u00e9clarations de prise d\u2019emploi et de fin d\u2019emploi.\nLa prise en compte d\u2019une d\u00e9claration de prise d\u2019emploi bascule imm\u00e9diatement l\u2019\u00e9tablissement en \u00ab Employeur \u00bb. Inversement, lorsqu\u2019une d\u00e9claration de fin d\u2019emploi est trait\u00e9e, l\u2019\u00e9tablissement devient \u00ab Non employeur \u00bb.\nPour chaque \u00e9tablissement, il existe \u00e0 un instant donn\u00e9 un seul code \u00ab Employeur \u00bb. Modalit\u00e9s :\nO \u00e9tablissement employeur\nN \u00e9tablissement non employeur\nnull sans objet\nVariable historis\u00e9e : l'historisation du caract\u00e8re Employeur n\u2019existe que pour les \u00e9tablissements qui \u00e9taient\nouverts en 2005 ou ceux ouverts ult\u00e9rieurement.", "annotations": {"facet": true, "facetsort": "alphanum"}, "label": "Caract\u00e8re employeur de l'\u00e9tablissement", "type": "text"}, {"name": "statutdiffusionunitelegale", "label": "Statut de diffusion de l'unit\u00e9 l\u00e9gale", "type": "text", "annotations": {}, "description": null}, {"name": "unitepurgeeunitelegale", "description": "Variable indiquant que l'unit\u00e9 l\u00e9gale est une unit\u00e9 purg\u00e9e.\nRenseignement : \u00c0 true si l'unit\u00e9 est purg\u00e9e, n'est pas pr\u00e9sente si l'unit\u00e9 n'est pas purg\u00e9e.\nPour des raisons de capacit\u00e9 de stockage des donn\u00e9es, les donn\u00e9es concernant les entreprises cess\u00e9es avant le 31/12/2002 ont \u00e9t\u00e9 purg\u00e9es. Pour ces unit\u00e9s cess\u00e9es dites purg\u00e9es :\n\u2022 Seules les derni\u00e8res valeurs des variables de niveau UL et de niveau Etablissement sont conserv\u00e9es\n\u2022 En th\u00e9orie, seul l'\u00e9tablissement si\u00e8ge au moment de la purge est conserv\u00e9 avec uniquement les derni\u00e8res valeurs de cet \u00e9tablissement. Toutefois, pour 357 UL purg\u00e9es de la base, cette r\u00e8gle n\u2019est pas respect\u00e9e et ces unit\u00e9s ont toujours plus d'un \u00e9tablissement en base sans pouvoir garantir que tous les \u00e9tablissements ont \u00e9t\u00e9 conserv\u00e9s.\nLeur nombre est de 4 421 836, dont 74 % de personnes physiques. Plus d\u2019une unit\u00e9 purg\u00e9e sur quatre a une date de cr\u00e9ation ind\u00e9termin\u00e9e.\nDiffusion des unit\u00e9s purg\u00e9es dans API Sirene :\nUne seule p\u00e9riode avec dateDebut=date de d\u00e9but de l'\u00e9tat cess\u00e9 si cette date est renseign\u00e9e, sinon dateDebut est \u00e0 null.\nL'\u00e9tat administratif de l'unit\u00e9 purg\u00e9e est \u00e0 cess\u00e9.\nL'indicatrice unitePurgeeUniteLegale est pr\u00e9sente et est \u00e9gale \u00e0 true.\nDiffusion des \u00e9tablissements des unit\u00e9s purg\u00e9es dans API Sirene :\nUne seule p\u00e9riode avec dateDebut=date de d\u00e9but de l'\u00e9tat ferm\u00e9 si cette date est renseign\u00e9e, sinon dateDebut (\u00e9tablissement) est \u00e0 null.\nL'\u00e9tat administratif de l'\u00e9tablissement est \u00e0 ferm\u00e9.", "annotations": {"facet": true, "facetsort": "alphanum"}, "label": "Unit\u00e9 l\u00e9gale purg\u00e9e", "type": "text"}, {"name": "datecreationunitelegale", "description": "Date de cr\u00e9ation de l'unit\u00e9 l\u00e9gale Type : date\nFormat AAAA-MM-JJ Renseignement :\nPour les unit\u00e9s purg\u00e9es (unitePurgeeUniteLegale=true) : si la date de cr\u00e9ation est au 01/01/1900 dans Sirene la date est forc\u00e9e \u00e0 null.\nDans tous les autres cas la date de cr\u00e9ation n'est jamais \u00e0 null. Si elle est non renseign\u00e9e, elle sera au 01/01/1900.\nLa date de cr\u00e9ation ne correspond pas obligatoirement \u00e0 dateDebut de la premi\u00e8re p\u00e9riode de l'unit\u00e9 l\u00e9gale. Certaines variables historis\u00e9es peuvent poss\u00e9der des dates de d\u00e9but soit au 01/01/1900 soit ant\u00e9rieures \u00e0 la date de cr\u00e9ation.", "label": "Date de cr\u00e9ation de l'unit\u00e9 l\u00e9gale", "type": "date", "annotations": {}}, {"name": "sigleunitelegale", "description": "Un sigle est une forme r\u00e9duite de la raison sociale ou de la d\u00e9nomination d'une personne morale ou d'un organisme public.\nIl est habituellement constitu\u00e9 des initiales de certains des mots de la d\u00e9nomination. Afin d'en faciliter la prononciation, il arrive qu'on retienne les deux ou trois premi\u00e8res lettres de certains mots : il s'agit alors, au sens strict, d'un acronyme; mais l'usage a \u00e9tendu \u00e0 ce cas l'utilisation du terme sigle.\nCette variable est \u00e0 null pour les personnes physiques. Elle peut \u00eatre non renseign\u00e9e pour les personnes morales.", "label": "Sigle de l'unit\u00e9 l\u00e9gale", "type": "text", "annotations": {}}, {"name": "sexeunitelegale", "description": "Caract\u00e8re f\u00e9minin ou masculin de la personne physique.\nCette variable est \u00e0 null pour les personnes morales.\nElle est \u00e9galement non renseign\u00e9e pour quelques personnes physiques.\n", "annotations": {"facet": true, "facetsort": "alphanum"}, "label": "Civilit\u00e9 de la personne physique", "type": "text"}, {"name": "prenom1unitelegale", "description": "Ce sont les pr\u00e9noms d\u00e9clar\u00e9s pour une personne physique.\nCes variables sont \u00e0 null pour les personnes morales.\nToute personne physique sera identifi\u00e9e au minimum par son nom de naissance et son premier pr\u00e9nom. Le prenom1 peut \u00eatre null pour des personnes physiques (unit\u00e9s purg\u00e9es).", "label": "Pr\u00e9nom de la personne physique 1", "type": "text", "annotations": {}}, {"name": "prenom2unitelegale", "label": "Pr\u00e9nom de la personne physique 2", "type": "text", "annotations": {}, "description": null}, {"name": "prenom3unitelegale", "label": "Pr\u00e9nom de la personne physique 3", "type": "text", "annotations": {}, "description": null}, {"name": "prenom4unitelegale", "label": "Pr\u00e9nom de la personne physique 4", "type": "text", "annotations": {}, "description": null}, {"name": "prenomusuelunitelegale", "description": "Le pr\u00e9nom usuel est le pr\u00e9nom par lequel une personne choisit de se faire appeler dans la vie courante, parmi l'ensemble de ceux qui lui ont \u00e9t\u00e9 donn\u00e9s \u00e0 sa naissance et qui sont inscrits \u00e0 l'\u00e9tat civil. Il correspond g\u00e9n\u00e9ralement au prenom1UniteLegale.\nCette variable est \u00e0 null pour les personnes morales.", "label": "Pr\u00e9nom usuel de la personne physique", "type": "text", "annotations": {}}, {"name": "pseudonymeunitelegale", "description": "C\u2019est le nom qu\u2019une personne utilise pour se d\u00e9signer dans l\u2019exercice de son activit\u00e9, g\u00e9n\u00e9ralement litt\u00e9raire ou artistique.\nLe pseudonyme est prot\u00e9g\u00e9, comme le nom de famille, contre l\u2019usurpation venat d\u2019un tiers.\nSur 11 195 000 personnes physiques 19 700 ont un pseudonyme non null.", "label": "Pseudonyme de la personne physique", "type": "text", "annotations": {}}, {"name": "identifiantassociationunitelegale", "description": "Lors de sa d\u00e9claration en pr\u00e9fecture, l\u2019association re\u00e7oit automatiquement un num\u00e9ro d\u2019inscription au RNA. Elle doit en outre demander son immatriculation au r\u00e9pertoire Sirene lorsqu'elle souhaite demander des subventions aupr\u00e8s de l'\u00c9tat ou des collectivit\u00e9s territoriales, lorsqu'elle emploie des salari\u00e9s ou lorsqu'elle exerce des activit\u00e9s qui conduisent au paiement de la TVA ou de l'imp\u00f4t sur les soci\u00e9t\u00e9s.\nLe RNA est le fichier national, g\u00e9r\u00e9 par le minist\u00e8re de l'Int\u00e9rieur, qui recense l'ensemble des informations sur les associations.\nL'inscription au RNA donne lieu \u00e0 une immatriculation sous la forme d'un num\u00e9ro RNA, appel\u00e9 parfois par l'administration num\u00e9ro de dossier , compos\u00e9 de la lettre W suivie de 9 chiffres.\n\u00c0 noter\nL'inscription au RNA ne concerne pas les associations d\u00e9clar\u00e9es en Alsace-Moselle, celles-ci sont inscrites au registre des associations du tribunal d'instance.\nDepuis janvier 2016, le RNA a vocation \u00e0 figurer dans le r\u00e9pertoire Sirene.", "label": "Identifiant association de l'unit\u00e9 l\u00e9gale", "type": "text", "annotations": {}}, {"name": "trancheeffectifsunitelegale", "description": "Variable correspondant \u00e0 la tranche d\u2019effectif salari\u00e9 de l\u2019unit\u00e9 l\u00e9gale. C\u2019est une variable statistique, mill\u00e9sim\u00e9e au 31/12 d\u2019une ann\u00e9e donn\u00e9e (voir variable anneeEffectifsUniteLegale).", "annotations": {"facet": true}, "label": "Tranche de l'effectif de l'unit\u00e9 l\u00e9gale", "type": "text"}, {"name": "trancheeffectifsunitelegaletriable", "description": "idem Tranche de l'effectif de l'unit\u00e9 l\u00e9gale avec -1 pour remplacer NN", "annotations": {"facetsort": "-count"}, "label": "Tranche de l'effectif de l'unit\u00e9 l\u00e9gale triable", "type": "int"}, {"name": "anneeeffectifsunitelegale", "description": "C\u2019est l\u2019ann\u00e9e de validit\u00e9 correspondant \u00e0 la tranche d\u2019effectif salari\u00e9 diffus\u00e9e.\nPour les services d\u2019interrogation ws/siren et ws/siret seule la derni\u00e8re ann\u00e9e de mise \u00e0 jour de l\u2019effectif salari\u00e9 de l\u2019unit\u00e9 l\u00e9gale est donn\u00e9e si celle-ci est inf\u00e9rieure ou \u00e9gale \u00e0 l\u2019ann\u00e9e d\u2019interrogation-3. Ainsi une interrogation en 2018 ne renverra la derni\u00e8re ann\u00e9e de mise \u00e0 jour de l\u2019effectif que si cette ann\u00e9e est sup\u00e9rieure ou \u00e9gale \u00e0 2015.", "label": "Ann\u00e9e de la tranche de l'effectif de l'unit\u00e9 l\u00e9gale", "type": "text", "annotations": {}}, {"name": "datederniertraitementunitelegale", "description": "Date du dernier traitement de l\u2019unit\u00e9 l\u00e9gale dans le r\u00e9pertoire Sirene.\nCette date peut concerner des mises \u00e0 jour de donn\u00e9es du r\u00e9pertoire Sirene qui ne sont pas diffus\u00e9es par API Sirene.\nDe la forme AAAA-MM-JJ\nCette variable peut \u00eatre \u00e0 null ", "label": "Date du dernier traitement de l'unit\u00e9 l\u00e9gale", "type": "datetime", "annotations": {}}, {"name": "nombreperiodesunitelegale", "description": "Cette variable donne le nombre de p\u00e9riodes [dateDebut,dateFin] de l\u2019unit\u00e9 l\u00e9gale.\nChaque p\u00e9riode correspond \u00e0 l\u2019intervalle de temps pendant lequel la totalit\u00e9 des variables historis\u00e9es de l\u2019unit\u00e9 l\u00e9gale n\u2019ont pas \u00e9t\u00e9 modifi\u00e9es.\nPour rappel les dates de ces p\u00e9riodes sont des dates d\u2019effet (et non des dates de traitement).", "label": "Nombre de p\u00e9riodes de l'unit\u00e9 l\u00e9gale", "type": "int", "annotations": {}}, {"name": "categorieentreprise", "description": "Cette variable indique la cat\u00e9gorie \u00e0 laquelle appartient l'entreprise. Cette variable statistique n'est pas une variable du r\u00e9pertoire Sirene et est calcul\u00e9e par l'Insee.\nLien sur la d\u00e9finition de la cat\u00e9gorie d'entreprise: https://www.insee.fr/fr/metadonnees/definition/c1057\n", "annotations": {"facet": true, "facetsort": "alphanum"}, "label": "Cat\u00e9gorie de l'entreprise", "type": "text"}, {"name": "anneecategorieentreprise", "description": "C'est l'ann\u00e9e de validit\u00e9 correspondant \u00e0 la cat\u00e9gorie d'entreprise diffus\u00e9e.\n", "label": "Ann\u00e9e de la cat\u00e9gorie de l'entreprise", "type": "text", "annotations": {}}, {"name": "datedebutunitelegale", "description": "Date de d\u00e9but de la p\u00e9riode au cours de laquelle toutes les variables historis\u00e9es de l'entreprise restent inchang\u00e9es.\nDe la forme AAAA-MM-JJ\nLa date 1900-01-01 signifie date non d\u00e9termin\u00e9e.\ndateDebut peut-\u00eatre vide uniquement pour les unit\u00e9s purg\u00e9es (cf variable unitePurgeeUniteLegale).\nLa date de d\u00e9but de la p\u00e9riode la plus ancienne ne correspond pas obligatoirement \u00e0 la date de cr\u00e9ation de l'entreprise, certaines variables historis\u00e9es pouvant poss\u00e9der des dates de d\u00e9but soit au 1900-01-01 soit ant\u00e9rieures \u00e0 la date de cr\u00e9ation.", "label": "Date de d\u00e9but de l'unit\u00e9 l\u00e9gale", "type": "date", "annotations": {}}, {"name": "etatadministratifunitelegale", "description": "Le passage \u00e0 l\u2019\u00e9tat \u00ab Cess\u00e9e \u00bb d\u00e9coule de la prise en compte d\u2019une d\u00e9claration de cessation administrative.\nPour les personnes morales, cela correspond au d\u00e9p\u00f4t de la d\u00e9claration de disparition de la personne morale.\nPour les personnes physiques, cela correspond soit \u00e0 la prise en compte de la d\u00e9claration de cessation d\u2019activit\u00e9 d\u00e9pos\u00e9e par l\u2019exploitant soit au d\u00e9c\u00e8s de l\u2019exploitant conform\u00e9ment \u00e0 la r\u00e9glementation.\nEn dehors de ces cas, l\u2019unit\u00e9 l\u00e9gale est toujours \u00e0 l\u2019\u00e9tat administratif \u00ab Active \u00bb.\nPour les personnes morales, la cessation administrative est, en th\u00e9orie, d\u00e9finitive, l\u2019\u00e9tat administratif \u00ab Cess\u00e9e \u00bb est irr\u00e9versible.\nCependant il existe actuellement dans la base un certain nombre d\u2019unit\u00e9s l\u00e9gales personnes morales avec un historique d'\u00e9tat pr\u00e9sentant un \u00e9tat cess\u00e9 entre deux p\u00e9riodes \u00e0 l\u2019\u00e9tat actif (exemple siren=313883712).\nPour les personnes physiques, dans le cas o\u00f9 l\u2019exploitant d\u00e9clare la cessation de son activit\u00e9, puis la reprend quelque temps plus tard, cet \u00e9tat est r\u00e9versible. Il est donc normal d'avoir des p\u00e9riodes successives d'\u00e9tat actif puis cess\u00e9 pour les personnes physiques.\nEn r\u00e8gle g\u00e9n\u00e9rale, la premi\u00e8re p\u00e9riode d\u2019historique d\u2019une unit\u00e9 l\u00e9gale correspond \u00e0 un etatAdministratifUniteLegale \u00e9gal \u00e0 \u00ab Active \u00bb.\nToutefois, dans cette version, l'\u00e9tat administratif peut \u00eatre \u00e0 null (premi\u00e8re date de d\u00e9but de l'\u00e9tat post\u00e9rieure \u00e0 la premi\u00e8re date de d\u00e9but d'une autre variable historis\u00e9e).", "label": "Etat administratif de l'unit\u00e9 l\u00e9gale", "type": "text", "annotations": {}}, {"name": "nomunitelegale", "description": "C'est le nom de naissance pour une personne physique. Cette variable est \u00e0 null pour les personnes morales.\nLe r\u00e9pertoire Sirene g\u00e8re des caract\u00e8res majuscules non accentu\u00e9s et les seuls caract\u00e8res sp\u00e9ciaux tiret (-) et apostrophe.", "label": "Nom de la personne physique", "type": "text", "annotations": {}}, {"name": "nomusageunitelegale", "description": "Le nom d\u2019usage est celui que la personne physique a choisi d\u2019utiliser.\nCette variable est \u00e0 null pour les personnes morales.\nElle peut \u00eatre \u00e9galement \u00e0 null pour les personnes physiques.\nLe r\u00e9pertoire Sirene g\u00e8re des caract\u00e8res majuscules non accentu\u00e9s et les seuls caract\u00e8res sp\u00e9ciaux tiret (-) et apostrophe.\nCette variable est historis\u00e9e.", "label": "Nom d'usage de la personne physique", "type": "text", "annotations": {}}, {"name": "denominationunitelegale", "description": "C'est la raison sociale pour les personnes morales. Il s'agit du nom sous lequel s'est d\u00e9clar\u00e9e l'unit\u00e9 l\u00e9gale. Cette variable est \u00e0 null pour les personnes physiques.\nLe r\u00e9pertoire Sirene g\u00e8re des caract\u00e8res majuscules non accentu\u00e9s avec caract\u00e8res sp\u00e9ciaux (- & + @ ! ? * \u00b0 . % : \u20ac #).\nLa d\u00e9nomination peut parfois contenir la mention de la forme de la soci\u00e9t\u00e9 (SA, SAS, SARL, etc.)\nHistorique\nUn travail de reconstitution des historiques de d\u00e9nomination a \u00e9t\u00e9 entrepris en 2005. Toutefois, avant cette date, des historiques de d\u00e9nomination peuvent s\u2019av\u00e9rer incomplets.\nLa d\u00e9nomination peut \u00eatre \u00e0 null (cas des unit\u00e9s purg\u00e9es, premi\u00e8re date de d\u00e9but de la d\u00e9nomination post\u00e9rieure \u00e0 la premi\u00e8re date de d\u00e9but d'une autre variable historis\u00e9e).", "label": "D\u00e9nomination de l'unit\u00e9 l\u00e9gale", "type": "text", "annotations": {}}, {"name": "denominationusuelle1unitelegale", "description": "C'est le nom (ou les noms) sous lequel l'entreprise est connue du grand public. Cet \u00e9l\u00e9ment d'identification de l'entreprise (sur trois champs) a \u00e9t\u00e9 enregistr\u00e9 au niveau unit\u00e9 l\u00e9gale avant l'application de la norme d'\u00e9changes CFE de 2008. A partir de la norme 2008 la d\u00e9nomination usuelle est enregistr\u00e9e au niveau de l'\u00e9tablissement sur un seul champ.", "label": "D\u00e9nomination usuelle de l'unit\u00e9 l\u00e9gale 1", "type": "text", "annotations": {}}, {"name": "denominationusuelle2unitelegale", "label": "D\u00e9nomination usuelle de l'unit\u00e9 l\u00e9gale 2", "type": "text", "annotations": {}, "description": null}, {"name": "denominationusuelle3unitelegale", "label": "D\u00e9nomination usuelle de l'unit\u00e9 l\u00e9gale 3", "type": "text", "annotations": {}, "description": null}, {"name": "categoriejuridiqueunitelegale", "description": "La cat\u00e9gorie juridique est un attribut des unit\u00e9s l\u00e9gales. Cette variable est \u00e0 1000 pour les personnes physiques.\nLors de son d\u00e9p\u00f4t de demande de cr\u00e9ation, le d\u00e9clarant indique la forme juridique de l\u2019unit\u00e9 l\u00e9gale qu\u2019il cr\u00e9e, qui est ensuite traduite en code.\nCe code est modifiable, \u00e0 la marge, au cours de la vie de l\u2019unit\u00e9 l\u00e9gale (pour les personnes morales) en fonction des d\u00e9clarations de l\u2019exploitant.\nPour chaque unit\u00e9 l\u00e9gale, il existe \u00e0 un instant donn\u00e9 un seul code Cat\u00e9gorie juridique. Il est attribu\u00e9 selon la nomenclature en vigueur.\nLa nomenclature est disponible sur insee.fr .\nHistorique\nLa cat\u00e9gorie juridique peut \u00eatre \u00e0 null (cas des unit\u00e9s purg\u00e9es, premi\u00e8re date de d\u00e9but de la cat\u00e9gorie juridique post\u00e9rieure \u00e0 la premi\u00e8re date de d\u00e9but d'une autre variable historis\u00e9e). En revanche, le libell\u00e9 associ\u00e9 aux cat\u00e9gories juridiques n\u2019a pas \u00e9t\u00e9 historis\u00e9, si bien que des codes peuvent para\u00eetre \u00ab Hors nomenclature \u00bb, alors qu\u2019ils ont \u00e9t\u00e9 valides \u00e0 un instant donn\u00e9.", "annotations": {"facetsort": "-count"}, "label": "Cat\u00e9gorie juridique de l'unit\u00e9 l\u00e9gale", "type": "text"}, {"name": "activiteprincipaleunitelegale", "description": "Lors de son inscription au r\u00e9pertoire, l\u2019Insee attribue \u00e0 toute unit\u00e9 l\u00e9gale un code dit \u00ab APEN \u00bb sur la base de la description de l\u2019activit\u00e9 principale faite par le d\u00e9clarant.\nCe code est modifiable au cours de la vie de l\u2019unit\u00e9 l\u00e9gale en fonction des d\u00e9clarations de l\u2019exploitant.\nPour chaque unit\u00e9 l\u00e9gale, il existe \u00e0 un instant donn\u00e9 un seul code \u00ab APEN \u00bb. Il est attribu\u00e9 selon la nomenclature en vigueur.\nLa nomenclature en vigueur \u00e0 la date de la mise en place d\u2019API-Sirene est la Naf R\u00e9v2 et ce depuis le 01 Janvier 2008. Chaque code comporte 4 chiffres et une lettre. Toutes les unit\u00e9s l\u00e9gales actives au 01/01/2008 ont eu leur code APE recod\u00e9 dans la nouvelle nomenclature, ainsi de tr\u00e8s nombreuses entreprises ont une p\u00e9riode d\u00e9butant \u00e0 cette date.\nAu moment de la d\u00e9claration de l\u2019entreprise, il peut arriver que l\u2019Insee ne soit pas en mesure d\u2019attribuer le bon code APE : la modalit\u00e9 00.00Z peut alors \u00eatre affect\u00e9e provisoirement.\nHistorique\nLe code APE est historis\u00e9 depuis le 01/01/2005.\nLa r\u00e8gle d\u2019historisation des donn\u00e9es d\u2019activit\u00e9 est la suivante :\n\u2022 Pour les \u00e9tablissements avant 31/12/2014, seul le dernier code activit\u00e9 connu figure, dans la\nnomenclature en vigueur \u00e0 la date de fermeture.\n\u2022 Pour les \u00e9tablissements apr\u00e8s le 01/01/2005 et ferm\u00e9s avant le 31/12/2007, l\u2019historique des codes\nattribu\u00e9s sur la p\u00e9riode est disponible.\n\u2022 Pour les \u00e9tablissements ouverts apr\u00e8s le 01/01/2005 et toujours ouverts le 01/01/2008, l\u2019historique\nint\u00e8gre le changement de nomenclature.\n\u2022 Pour les \u00e9tablissements ouverts apr\u00e8s le 01/01/2008, l\u2019historique comprend les modifications\napport\u00e9es au cours de la vie de l\u2019\u00e9tablissement. Lien vers les nomenclatures d'activit\u00e9s fran\u00e7aise", "label": "Activit\u00e9 principale de l'unit\u00e9 l\u00e9gale", "type": "text", "annotations": {}}, {"name": "nomenclatureactiviteprincipaleunitelegale", "description": "Cette variable indique la nomenclature d\u2019activit\u00e9 correspondant \u00e0 la variable activitePrincipaleUniteLegale. ", "label": "Nomenclature de l'activit\u00e9 principale de l'unit\u00e9 l\u00e9gale", "type": "text", "annotations": {}}, {"name": "nicsiegeunitelegale", "description": "Le si\u00e8ge d\u2019une unit\u00e9 l\u00e9gale est le lieu o\u00f9 sont centralis\u00e9es l\u2019administration et la direction effective de l\u2019unit\u00e9 l\u00e9gale.\n\u00c0 un instant donn\u00e9, chaque unit\u00e9 l\u00e9gale a un seul si\u00e8ge. Mais, au cours de la vie de l\u2019unit\u00e9 l\u00e9gale, le si\u00e8ge peut \u00eatre diff\u00e9rent.\nChaque si\u00e8ge est identifi\u00e9 par un num\u00e9ro Nic (Num\u00e9ro Interne de Classement de l'\u00e9tablissement) qui respecte les r\u00e8gles d\u2019attribution des num\u00e9ros d\u2019\u00e9tablissement.\nLe Nic est compos\u00e9 de quatre chiffres et d'un cinqui\u00e8me qui permet de contr\u00f4ler la validit\u00e9 du num\u00e9ro Siret (concat\u00e9nation du num\u00e9ro Siren et du Nic).", "label": "NIC du si\u00e8ge de l'unit\u00e9 l\u00e9gale", "type": "text", "annotations": {}}, {"name": "economiesocialesolidaireunitelegale", "description": "Cette variable indique si l'entreprise appartient au champ de l\u2019\u00e9conomie sociale et solidaire.\nLa loi n\u00b0 2014-856 du 31 juillet 2014 d\u00e9finit officiellement le p\u00e9rim\u00e8tre de l\u2019\u00e9conomie sociale et solidaire (ESS). Celle-ci comprend les quatre familles traditionnelles en raison de leur r\u00e9gime juridique (associations, fondations, coop\u00e9ratives et mutuelles) et inclut une nouvelle cat\u00e9gorie, les entreprises de l\u2019ESS, adh\u00e9rant aux m\u00eames principes :\n    \n\u2022 \u2022\n\u2022\npoursuivre un but social autre que le seul partage des b\u00e9n\u00e9fices ;\nune lucrativit\u00e9 encadr\u00e9e (notamment des b\u00e9n\u00e9fices majoritairement consacr\u00e9s au maintien et au d\u00e9veloppement de l\u2019activit\u00e9) ;\nune gouvernance d\u00e9mocratique et participative.", "label": "Economie sociale et solidaire unit\u00e9 l\u00e9gale", "type": "text", "annotations": {}}, {"name": "societemissionunitelegale", "description": "Cette variable indique si l'entreprise est une soci\u00e9t\u00e9 \u00e0 mission", "label": "Soci\u00e9t\u00e9 \u00e0 mission unit\u00e9 l\u00e9gale", "type": "text", "annotations": {}}, {"name": "caractereemployeurunitelegale", "description": "Lors de sa formalit\u00e9 de cr\u00e9ation, le d\u00e9clarant indique si l\u2019unit\u00e9 l\u00e9gale aura ou non des employ\u00e9s. Par la suite, le d\u00e9clarant peut \u00e9galement faire des d\u00e9clarations de prise d\u2019emploi et de fin d\u2019emploi.\nLa prise en compte d\u2019une d\u00e9claration de prise d\u2019emploi bascule imm\u00e9diatement l\u2019unit\u00e9 l\u00e9gale en \u00ab Employeuse \u00bb. Inversement, lorsqu\u2019une d\u00e9claration de fin d\u2019emploi est trait\u00e9e, l\u2019unit\u00e9 l\u00e9gale devient \u00ab Non employeuse \u00bb.\n\nLe caract\u00e8re employeur est oui si au moins l'un des \u00e9tablissements actifs de l'unit\u00e9 l\u00e9gale emploie des salari\u00e9s.\n", "label": "Caract\u00e8re employeur de l'unit\u00e9 l\u00e9gale", "type": "text", "annotations": {}}, {"name": "codeepcietablissement", "annotations": {"facetsort": "-count"}, "label": "Code EPCI de l'\u00e9tablissement", "type": "text", "description": null}, {"name": "epcietablissement", "annotations": {"facet": true, "facetsort": "alphanum", "sortable": true}, "label": "Libell\u00e9 de l'EPCI de l'\u00e9tablissement", "type": "text", "description": null}, {"name": "codearrondissementetablissement", "annotations": {"facetsort": "-count"}, "label": "Code de l'arrondissement de l'\u00e9tablissement", "type": "text", "description": null}, {"name": "codedepartementetablissement", "annotations": {"facetsort": "-count"}, "label": "Code du d\u00e9partement de l'\u00e9tablissement", "type": "text", "description": null}, {"name": "departementetablissement", "annotations": {"facet": true, "facetsort": "alphanum", "sortable": true}, "label": "D\u00e9partement de l'\u00e9tablissement", "type": "text", "description": null}, {"name": "coderegionetablissement", "annotations": {"facetsort": "-count"}, "label": "Code de la r\u00e9gion de l'\u00e9tablissement", "type": "text", "description": null}, {"name": "regionetablissement", "annotations": {"facet": true, "facetsort": "alphanum", "sortable": true}, "label": "R\u00e9gion de l'\u00e9tablissement", "type": "text", "description": null}, {"name": "sectionetablissement", "annotations": {"facet": true, "disjunctive": true}, "label": "Section de l'\u00e9tablissement", "type": "text", "description": null}, {"name": "soussectionetablissement", "annotations": {"facet": true, "disjunctive": true}, "label": "Sous-section de l'\u00e9tablissement", "type": "text", "description": null}, {"name": "divisionetablissement", "annotations": {"facet": true, "disjunctive": true}, "label": "Division de l'\u00e9tablissement", "type": "text", "description": null}, {"name": "groupeetablissement", "annotations": {"facet": true, "disjunctive": true}, "label": "Groupe de l'\u00e9tablissement", "type": "text", "description": null}, {"name": "classeetablissement", "annotations": {"facet": true, "disjunctive": true}, "label": "Classe de l'\u00e9tablissement", "type": "text", "description": null}, {"name": "sectionunitelegale", "annotations": {"facet": true, "disjunctive": true}, "label": "Section de l'unit\u00e9 l\u00e9gale", "type": "text", "description": null}, {"name": "soussectionunitelegale", "annotations": {"facet": true}, "label": "Sous-section de l'unit\u00e9 l\u00e9gale", "type": "text", "description": null}, {"name": "divisionunitelegale", "label": "Division de l'unit\u00e9 l\u00e9gale", "type": "text", "annotations": {}, "description": null}, {"name": "groupeunitelegale", "label": "Groupe de l'unit\u00e9 l\u00e9gale", "type": "text", "annotations": {}, "description": null}, {"name": "classeunitelegale", "annotations": {"facet": true, "disjunctive": true}, "label": "Classe de l'unit\u00e9 l\u00e9gale", "type": "text", "description": null}, {"name": "naturejuridiqueunitelegale", "annotations": {"facet": true, "facetsort": "alphanum", "disjunctive": true, "sortable": true}, "label": "Nature juridique de l'unit\u00e9 l\u00e9gale", "type": "text", "description": null}, {"name": "l1_adressage_unitelegale", "description": "Cette variable d\u00e9signe la premi\u00e8re ligne de l'adressage de l'\u00e9tablissement.", "label": "Premi\u00e8re ligne de l'adressage", "type": "text", "annotations": {}}, {"name": "adresseetablissement", "description": "C'est la concat\u00e9nation du num\u00e9ro de rue (numerovoieetablissement), de l'indice de r\u00e9p\u00e9tition (indicerepetitionetablissement) (bis, ter), du type de voie (typevoieetablissement) et du libell\u00e9 de la voie (libellevoieetablissement)", "label": "Adresse de l'\u00e9tablissement", "type": "text", "annotations": {}}, {"name": "siretsiegeunitelegale", "annotations": {"facetsort": "-count"}, "label": "SIRET du si\u00e8ge de l'unit\u00e9 l\u00e9gale", "type": "text", "description": null}, {"name": "datefermetureetablissement", "label": "Date de fermeture de l'\u00e9tablissement", "type": "date", "annotations": {}, "description": null}, {"name": "datefermetureunitelegale", "label": "Date de fermeture de l'unit\u00e9 l\u00e9gale", "type": "date", "annotations": {}, "description": null}, {"name": "geolocetablissement", "annotations": {"facetsort": "-count"}, "label": "G\u00e9olocalisation de l'\u00e9tablissement", "type": "geo_point_2d", "description": null}], "metas": {"dcat": {"created": null, "issued": null, "creator": "INSEE", "contributor": "Opendatasoft", "contact_name": null, "contact_email": null, "accrualperiodicity": "quarterly", "spatial": "France", "temporal": null, "granularity": null, "dataquality": null, "publisher_type": ["Administration"], "conforms_to": null, "temporal_coverage_start": null, "temporal_coverage_end": null, "accessRights": null, "relation": null}, "default": {"title": "Base SIRENE au format v3 sur le territoire de m2A", "description": "<p style=\"font-family: sans-serif;\">Ce jeu de donn\u00e9es est une extraction de la base SIrene, il ne ressence que les entreprises et leurs \u00e9tablissement sur le territoire de m2A et seulement les \u00e9tablissements \"actifs\".</p><p>Retrouvez toutes les entreprises et leurs \u00e9tablissements. La base Sirene\u00ae est actualis\u00e9e tous les jours, elle regroupe environ 30 millions d'\u00e9tablissements en activit\u00e9 ou non sur toute la France.</p><h3><b>IMPORTANT</b></h3><p>La base Sirene contenant des donn\u00e9es \u00e0 caract\u00e8re personnel, l'Insee attire votre attention sur les obligations l\u00e9gales qui en d\u00e9coulent :</p><ul><li>Le traitement de ces donn\u00e9es rel\u00e8ve des obligations de d\u00e9claration de la Loi 78-17 du 6 janvier 1978 modifi\u00e9e, dite Loi CNIL : <a href=\"https://www.cnil.fr/fr/loi-78-17-du-6-janvier-1978-modifiee\" target=\"_blank\">https://www.cnil.fr/fr/loi-78-17-du-6-janvier-1978-modifiee</a></li><li>Selon votre usage du jeu de donn\u00e9es, il est de votre responsabilit\u00e9 de tenir compte du statut de diffusion le plus r\u00e9cent de chaque personne physique.</li></ul><p>En effet, l'article A123-96 du code de commerce dispose que :</p><blockquote><p>\"Toute personne physique peut demander soit directement lors de ses formalit\u00e9s de cr\u00e9ation ou de modification, soit par lettre adress\u00e9e au directeur g\u00e9n\u00e9ral de l'Institut national de la statistique et des \u00e9tudes \u00e9conomiques, que les informations du r\u00e9pertoire la concernant ne puissent \u00eatre utilis\u00e9es par des tiers autres que les organismes habilit\u00e9s au titre de l'article R. 123-224 ou les administrations, \u00e0 des fins de prospection, notamment commerciale.\"</p></blockquote><h3><b>SIRENE BY ODS</b></h3><p>ODS pr\u00e9sente une base des \u00e9tablissements consolid\u00e9e avec les donn\u00e9es de son unit\u00e9 l\u00e9gale associ\u00e9e.</p><h4><b>Enrichissements</b></h4><ul><li>ajout des libell\u00e9s des codes NAF et cat\u00e9gories juridiques;</li><li>ajout des libell\u00e9s tranches l\u00e9gales et des types de voie;</li><li>ajout des hierarchies administratives (reg/arr/dep/epci);</li><li>ajout de la g\u00e9olocalisation des \u00e9tablissements via un g\u00e9ocodage BAN;</li><li>changement de certaines abr\u00e9viations (F/M, O/N, A/C) par le libell\u00e9 correspondant (sexeunitelegale, etatadministratifunitelegale,\u00a0caractereemployeurunitelegale,\u00a0etatadministratifetablissement,\u00a0etablissementsiege,\u00a0caractereemployeuretablissement)</li><li>ajout d'un champ \"premi\u00e8re ligne d'adressage\" avec la civilit\u00e9 + nom pr\u00e9nom personne de l'unit\u00e9 legale</li><li>ajout d'un champ adresse \u00e9tablissement (concat\u00e9nation num + type + voie)</li></ul>", "theme": ["Economie"], "keyword": ["sirene ", "entreprise", "etablissement", "unite legale", "SIRET", "activit\u00e9"], "license": "Open License v2.0", "license_url": "https://www.etalab.gouv.fr/wp-content/uploads/2018/11/open-licence.pdf", "language": "fr", "metadata_languages": ["fr"], "timezone": null, "modified": "2026-02-09T22:46:30+00:00", "modified_updates_on_metadata_change": false, "modified_updates_on_data_change": true, "data_processed": "2026-02-09T22:46:30+00:00", "metadata_processed": "2026-05-01T01:18:22.245000+00:00", "geographic_reference": ["world_fr"], "geographic_reference_auto": false, "territory": ["France"], "geometry_types": ["Point"], "bbox": {"type": "Feature", "geometry": {"coordinates": [[[7.54878499545157, 47.88245896808803], [7.201856933534145, 47.88245896808803], [7.201856933534145, 47.66596497036517], [7.54878499545157, 47.66596497036517], [7.54878499545157, 47.88245896808803]]], "type": "Polygon"}, "properties": {}}, "publisher": "INSEE", "references": "https://www.data.gouv.fr/fr/datasets/base-sirene-des-entreprises-et-de-leurs-etablissements-siren-siret/", "records_count": 55258, "attributions": ["INSEE IGN NaturalEarth DGCL - BANATIC MEFR MAA"], "source_domain": null, "source_domain_title": null, "source_domain_address": null, "source_dataset": null, "shared_catalog": null, "federated": true, "parent_domain": null, "update_frequency": null}}}}